{"id":2932,"date":"2020-10-12T07:16:00","date_gmt":"2020-10-12T05:16:00","guid":{"rendered":"https:\/\/febiovzw.org\/?p=2932"},"modified":"2021-06-21T09:54:31","modified_gmt":"2021-06-21T07:54:31","slug":"actiris-en-zone-zero-chomeurs","status":"publish","type":"post","link":"https:\/\/febiovzw.org\/actiris-en-zone-zero-chomeurs\/","title":{"rendered":"Actiris en Zone z\u00e9ro ch\u00f4meurs"},"content":{"rendered":"\n<h2 class=\"wp-block-heading\">Actiris en het project &#8216;Zone z\u00e9ro ch\u00f4meurs&#8217;<\/h2>\n\n\n\n<h4 class=\"wp-block-heading\">Historiek <\/h4>\n\n\n\n<p>In <a href=\"https:\/\/bx1.be\/radio-chronique\/le-face-a-face-les-zones-zero-chomeur-en-region-bruxelloise\/\">Face \u00e0 Face, had Fabrice Grosfilley <\/a>het in 2019 over de zones \u201cz\u00e9ro ch\u00f4meurs longue dur\u00e9e\u201d in de Brusselse Regio, voorzien door de Brusselse regering in 2021. Gr\u00e9goire Chapelle, directeur-generaal van Actiris en Yves Martens, co\u00f6rdinator van het Collectif Solidarit\u00e9 Contre l\u2019Exclusion, debatteerden. Gregoire Chapelle verdedigde het project met vuur. Actiris bestudeerde het initiatief in 2020 dat in de zomer&nbsp;toen opdook in de Brusselse relanceplannen. Nadien volgt mogelijk een \u2018appel d\u2019int\u00e9r\u00eat\u2019 in dit verband gericht aan zowel publieke als private spelers.  <\/p>\n\n\n\n<p>Het idee komt uit Frankrijk, waar men al enkele jaren met de maatregel experimenteert (in de jaren 80 hadden wij tewerkgestelde werklozen).  TZCLD (Territoires z\u00e9ro ch\u00f4meurs de longue dur\u00e9e) rust op een simpel principe. Het overbrengen van de werkloosheidsuitkering (18.000 euro) naar een onderneming \u2018met doelstelling werk\u2019 een EBE, laat haar toe een contract van onbepaalde duur, te bieden met een totale kostprijs van 22.000 euro voor een \u2018smic\u2019 van 70%, de rest, zo\u2019n 4.000 euro komt van het zakencijfer van de EBE. Het bedrijf biedt kleine gevarieerde taken aan de nieuwe werknemers, in lijn met hun competenties. De activiteiten, zoals tuinieren, diensten aan personen, renovatiewerken, sociale kruideniers, worden geacht niet met bestaand werk te concurreren.  Het gaat om contracten van onbeperkte duur. Deze dienstverlening zit dicht op de sociale dienstverlening van de publieke overheid, zoals ze hier georganiseerd is door de OCMW \u2019s en de gemeenten. De OCMW \u2018s werden in Brussel toegelaten tot de erkenning als Sociale Onderneming, en projecten van die spelers kunnen een mandaat inschakeling aanvragen.  <\/p>\n\n\n\n<!--more-->\n\n\n\n<p>Bij TZCLD bestaat de truuk erin dat men RSZ-uitkeringen meerekent. In Brussel vraagt dit akkoorden met het federaal niveau, een bijkomende institutionele complexiteit. Actiris werpt een begerige blik op de 5 miljoen euro federale werkloosheidsvergoedingen. In dit geval splitst men federale inkomsten uit de sociale zekerheid verbonden aan bijvoorbeeld 100 personen af om ze lokaal in bepaalde zones z\u00e9ro ch\u00f4meurs van Brussel te besteden. Het territoriaal afbakenen van het door armoede geteisterde Brussel met meer leefloners dan heel Vlaanderen samen is misschien&nbsp;risicovol. Kosten en de baten&nbsp;zijn onevenwichtig gespreid over verschillende bevoegdheidsniveaus: de federale overheid geniet van de besparingen op de werkloosheidsuitkeringen terwijl de Brusselse overheid de kosten voor omkadering draagt. Een evenwichtiger verdeling is nuttig&nbsp;en&nbsp;dient via heronderhandeling gerealiseerd worden.  <\/p>\n\n\n\n<p>Yves Martens merkt op dat er in Brussel veel mensen zijn zonder uitkeringen (eerder dan werklozen, (zoals jongeren, stagiairs, \u2026) wat qua uitgaven of besparingen een andere rekening maakt in vergelijking met de Franse case.  \u2018In het Franse initiatief zijn er lonen aan het minimumsalaris, dit is een nieuwe vorm van niet-kwalitatieve arbeid, met pr\u00e9caire barema\u2019s\u2019, onderstreept hij.  Dit laat mensen niet toe uit de armoede te treden. <strong>Voor FeBIO is dat een belangrijk evaluatiecriterium.<\/strong> Gr\u00e9goire Chapelle reageerde dat de syndicale vertegenwoordigers bij Actiris er op zouden toezien dat er betere barema\u2019s gelden.  <\/p>\n\n\n\n<p>Arbeidsmobiliteit is een belangrijke sleutel want er zijn zones met meer laaggeschoolde arbeid of met meer potentieel op dit vlak dan andere, die zones liggen ook in de rand van Brussel. Het terugplooien op een gemeentelijk niveau bij het zoeken naar oplossingen is soms contraproductief.  <\/p>\n\n\n\n<p>De repliek van Yves Martens aan Gr\u00e9goire Chapelle luidde: <\/p>\n\n\n\n<blockquote class=\"wp-block-quote is-layout-flow wp-block-quote-is-layout-flow\"><p>&#8216;Waarom niet, in de eerste plaats de bestaande sociale economie in Brussel verder ontwikkelen, de non-profit versterken en de bestaande publieke initiatieven, eerder dan iets nieuw uit te vinden, dat men moet ontwikkelen en waarmee men vele problemen in de opstartfase mag verwachten&#8217;. <\/p><\/blockquote>\n\n\n\n<p>FeBIO sluit zich hierbij aan. We herinneren aan de vraag van de inschakelingssector <strong>om een statuut voor duurzame tewerkstelling in de sociale economie te cre\u00ebren<\/strong>. <strong>Met een contract van onbeperkte duur<\/strong>. Omdat doorstroom en activering niet altijd haalbaar zijn. De overheid kan meer mensen op lagere niveaus in dienst nemen in kwalitatieve contracten van onbepaalde duur in het kader van haar publieke dienstverlening. Dat zorgt voor een goede doorstroom uit de sociale economie, biedt uitzicht op betaald&nbsp; werk en verloning aan betere barema\u2019s.  Tot nu toe kortte men de duur van de contracten in de sociale economie alsmaar in. De nieuwe inschakelingsbanen zijn meer beperkt in de tijd. De focus op activering biedt langdurig werkzoekenden weinig soelaas. <\/p>\n\n\n\n<p>Het kader Sociaal Ondernemerschap en het mandaat inschakeling focust op doorstroom. De OCMW\u2019s evalueren hun partnerschappen in functie van doorstroom. In Vlaanderen legt dezelfde klemtoon. Deloitte deed een studie. Tijdens de studiedag \u2018Krapte in de Zorg en welzijnssector\u2019 van VIVO op 22 november 2019 werd een tip van de sluier van de resultaten van de proeftuinexperimenten rond doorstroom in de zorg (WZC Toermalien, IN-Z en Senior Living Group Ryhove), opgelicht.  Helaas viel er <strong>zero doorstroom<\/strong> te bespeuren. De organisaties wezen op de noodzaak van deeltijdse doorstroommogelijkheden.  Men kan halftijds in de sociale economie blijven en\/of er is een terugkeergarantie. <\/p>\n\n\n\n<p>Actiris zelf is moe hervormd. Het ontbreekt aan een degelijke inschatting van de impact van omvangrijke projecten. Het personeel vroeg het management een stop- en denkpauze opdat de werknemers zich opnieuw zouden kunnen toeleggen op arbeidsbemiddeling. <a href=\"http:\/\/parabru.be\/wp-content\/uploads\/2019\/05\/2019-Actiris-Open-brief.pdf\">Voetnoot 1: Uit de Open Brief van het personeel aan het beheerscomit\u00e9 van Actiris van 29 april 2019, van de ACOD-, VSOA-, en ACV- comit\u00e9s<\/a><a> <\/a>.<\/p>\n\n\n\n<p>De inschakelingssector is toe aan rust. De organisaties moeten in 2021 het nieuwe wettelijk kader van de sociale economie nog verteren. De administratieve workload verbonden aan de procedures erkenning en mandaat inschakeling vormen zowel voor de organisaties als voor de administratie BEW een zware belasting. Evaluatie en bijsturing van het nieuwe kader&nbsp;vraagt energie en tijd.  <\/p>\n\n\n\n<h4 class=\"wp-block-heading\">Evaluatie van de Franse Zone Z\u00e9ro Ch\u00f4meurs <\/h4>\n\n\n\n<p>Ondertussen verschenen er Franse evaluatierapporten over de zone z\u00e9ro ch\u00f4meurs (IGF en Igas). Pierre Cahuc (professeur d&#8217;\u00e9conomie \u00e0 Sciences po) was vroeger al kritisch. Voetnoot 2 : <a href=\"http:\/\/L\u2019Echo, Territoire z\u00e9ro ch\u00f4meur : une exp\u00e9rimentation moins vertueuse qu'on ne le croit.\">L\u2019Echo, Territoire z\u00e9ro ch\u00f4meur : une exp\u00e9rimentation moins vertueuse qu&#8217;on ne le croit.<\/a> Publi\u00e9 le 18 oct. 2019.&nbsp; De besparing op de publieke financi\u00ebn zou 6000 euro per persoon bedragen. Er zijn kosten voor omkadering en investeringen. Men moet vergelijken met andere initiatieven die werk, vorming en ondersteuning combineren. Aspecten die afwezig zouden zijn en riskeren mensen op te sluiten in publieke jobs die laagbetaald, weinig productief en duur zijn.&nbsp;<\/p>\n\n\n\n<p>In Frankrijk, was dit project beperkt, gezien de omvang van het land, 67 miljoen inwoners en een ontwikkeld ruraal milieu.&nbsp;&nbsp;HERWIN en FeBIO willen al langer geld voor werkloosheidsuitkeringen gebruiken om arbeidsplaatsen en maatschappelijke meerwaarde&nbsp;in de sociale economie te cre\u00ebren.  <\/p>\n\n\n\n<p>De economist <strong>Olivier Bouba-Olga, die in Frankrijk het evaluatiecomit\u00e9 van dit programma voorzit<\/strong>, verzamelde ondertussen&nbsp;de <strong>belangrijkste resultaten<\/strong> in een tribune gepubliceerd door Le Monde (1). Het economisch model van dit experiment berust op een logica van activering van de passieve uitgaven (werkloosheidsuitkeringen en sociale prestaties dekken een deel van de kost van de contracten van onbepaalde duur en anderzijds op het zakencijfer gegenereert door de EBE&#8217;s (bedrijven met als doel werk, opgericht voor dit programma). De evaluatie bevestigt de <strong>zeer positieve impact op de begunstigden<\/strong>, op professioneel en persoonlijk vlak.&nbsp;Meerdere experimentele territoria werden geconfronteerd met operationaliseringsproblemen, gelinkt aan de wil van de uitvoerders om heel snel de totaliteit van het&nbsp;doelgroep publiek in te schakelen&nbsp;en een onvoldoende inschatting van de initi\u00eble lokale investeringen in vorming en begeleiding van de personen. Bovendien,&nbsp;tegen&nbsp;de verwachtingen in, was het experiment niet financieel neutraal voor de overheid.&nbsp;Het kostte meer dan verwacht, omdat meer dan 40% van de begunstigden, niet genoten, voor hun aanwerving, van&nbsp;werkloosheidsvergoedingen of sociale prestaties.&nbsp;Hierdoor, waren de passieve&nbsp;uitgaven inferieur aan wat begroot was.&nbsp;&nbsp;Drie jaar na hun lancering, zijn de EBE&#8217;s nog steeds deficitair en laat de begeleiding soms te wensen over. <\/p>\n\n\n\n<h4 class=\"wp-block-heading\">Conclusies FeBIO. <\/h4>\n\n\n\n<h4 class=\"wp-block-heading\">Het <strong>idee voor een specifieke begeleiding van&nbsp;langdurig werklozen, is waardevol<\/strong>.<\/h4>\n\n\n\n<p>In elke regio werden via een openbare aanbesteding <strong>studies besteld rond de voorbereiding<\/strong> van de maatregel, die een regionale uitvoering zal krijgen, afgestemd op de lokale economische activiteiten. Wij kijken uit naar de resultaten van deze studies. ZZC is een experiment op beperkte schaal dat ge\u00ebvalueerd dient te worden. Het lost de structurele problemen van onze Brusselse arbeidsmarkt, met name de mismatch (vraag\/aanbod) en het tekort aan kwalitatieve jobs voor laaggeschoolden in de reguliere sector, niet op. <\/p>\n\n\n\n<p><strong>Vrijwilligheid is de basisvoorwaarde ! <\/strong>Met de 7de staatshervorming, is er afbreuk mogelijk van de sociale zekerheid, van het recht op werkloosheid, indien men raakt aan de degressiviteit van de werkloosheidsuitkeringen en de onbeperktheid in de tijd van de uitkeringen (men spreekt van een einde van het stand still-principe van de 6de staatshervorming).  Als langdurig werklozen uit financi\u00eble noodzaak gedwongen worden in het project te stappen is er geen vrijwilligheid. <\/p>\n\n\n\n<p><strong>Er blijven belangrijke vragen open.<\/strong> <strong>Welke selectiviteit?<\/strong> Raadpleeg de experten van de RSZ\/RVA bij de uitwerking van de criteria van wie in aanmerking komt. Domicili\u00ebring als wettelijke basis of criterium nemen lijkt strijdig met de vrijheid van arbeidsmobiliteit en het vrij verkeer van personen en goederen en diensten, het  Europees recht. De matching tussen kandidaten en projecten, kan dat ook of deels op regionaal niveau? Welke is de duur van het contract? Welke barema&#8217;s hanteert men? FeBIO deelt de bezorgdheden van de vakbonden, zoals rond het risico van vervanging van bestaande publieke jobs, binnen bijvoorbeeld de gemeenten, met een minimum salaris. Daarnaast kunnen de lage lonen, druk zetten op de lonen in een bepaalde sector. In Brussel wil <strong>FeBIO een kwalitatief traject,&nbsp; met vergoedingen die toelaten uit de armoede te raken.<\/strong>&nbsp;&nbsp;<\/p>\n\n\n\n<p><strong>Leg de link met de Brusselse inschakelingsondernemingen.&nbsp;<\/strong> De activiteiten van de&nbsp;&#8216; Zones z\u00e9ro ch\u00f4meurs fran\u00e7aises&#8217; &nbsp;en de sociale inschakelingseconomie zijn gelijklopend, recyclage,&nbsp;tuinieren, renovatie gebouwen, diensten aan personen. Het gaat om niches in markten die de priv\u00e9 sector niet benut. Onze organisaties beschikken over lokalen, infrastructuur en begeleidingscapaciteit, wat <strong>schaalvoordelen <\/strong>oplevert.&nbsp;<\/p>\n\n\n\n<p>De strategie ZZC is gefundeerd op de <strong>intrinsieke motivatie van de persoon. <\/strong>Men vraagt hem\/haar wat hij wil doen en helpt om die doelen te realiseren.&nbsp;Er is weinig controle te voorzien. In Frankrijk, het project duurt 3 jaar (?) en het gaat om contracten van onbepaalde duur. <strong>Doorstroom is geen prioritair objectief.<\/strong> <\/p>\n\n\n\n<p>Vlaanderen investeert veel in Brussel, (onderwijs, welzijn, werk, sociale\u00a0economie, VGC, complementaire programma&#8217;s armoedebestrijding). De maatregel werd federaal goedgekeurd, maar Vlaanderen heeft hiervoor geen concrete plannen en kiest waarschijnlijk voor een eigen invulling van dit project. Men weet ook niet (juni 2021) of er een akkoord is met het federale niveau, wat budgetimplicaties heeft voor Brussel. Een aandachtspunt is de <strong>coherentie<\/strong> tussen ZZC en federale en regionale of andere maatregelen voor werklozen.<\/p>\n\n\n\n<p><strong>Bekijk de profielen in Brussel<\/strong>. Afstand tot de arbeidsmarkt is een relatief begrip. In Frankrijk, is de wettelijke pensioenleeftijd 62 jaar.&nbsp;De&nbsp;werkloosheidsvergoedingen zijn er sneller degressiever dan in Belgi\u00eb en gelimiteerd in de tijd. In Belgi\u00eb telt men onder de langdurig werklozen veel gehandicapten, en mensen ouder dan 55 of 60 jaar (brugpensioen SWT).&nbsp; Alleenstaande ouders, personen van vreemde origine met niet gelijkgestelde diploma&#8217;s en laaggeschoolden zijn eveneens sterk vertegenwoordigd.  <\/p>\n\n\n\n<p>De problematiek is onlosmakelijk verbonden met andere actuele discussies over werkbaar en waardig werk, verloning, de notie &#8216;passende betrekking&#8217;, de grenzen aan activering (bijvoorbeeld van zieken&#8230;) of de pensioenleeftijd.<\/p>\n\n\n\n<p>(1) <strong>Referentie<\/strong> : Territoire z\u00e9ro ch\u00f4meur : \u00ab Proc\u00e9der \u00e0 une extension prudente de l\u2019exp\u00e9rimentation \u00e0 un nombre limit\u00e9 de territoires pr\u00e9par\u00e9s \u00bb, artikel\u00a0in \u00a0Le Monde, 19 septembre 2020.\u00a0\u00a0\u00a0\u00a0 <\/p>\n\n\n\n<p>Eerste versie tekst dateert van 2019, updates in 2020, juni 2021.<\/p>\n\n\n\n<p><\/p>\n","protected":false},"excerpt":{"rendered":"<p>Actiris en het project &#8216;Zone z\u00e9ro ch\u00f4meurs&#8217; Historiek In Face \u00e0 Face, had Fabrice Grosfilley het in 2019 over de zones \u201cz\u00e9ro ch\u00f4meurs longue dur\u00e9e\u201d in de Brusselse Regio, voorzien door de Brusselse regering in 2021. Gr\u00e9goire Chapelle, directeur-generaal van Actiris en Yves Martens, co\u00f6rdinator van het Collectif Solidarit\u00e9 Contre l\u2019Exclusion, debatteerden. Gregoire Chapelle verdedigde [&hellip;]<\/p>\n","protected":false},"author":5,"featured_media":0,"comment_status":"open","ping_status":"open","sticky":false,"template":"","format":"standard","meta":{"iawp_total_views":1,"footnotes":""},"categories":[30,1],"tags":[],"class_list":["post-2932","post","type-post","status-publish","format-standard","hentry","category-tewerkstellingsmaatregelen-dossier","category-varia"],"yoast_head":"<!-- This site is optimized with the Yoast SEO plugin v27.4 - https:\/\/yoast.com\/product\/yoast-seo-wordpress\/ -->\n<title>Actiris en Zone z\u00e9ro ch\u00f4meurs - Febio<\/title>\n<meta name=\"robots\" content=\"index, follow, max-snippet:-1, max-image-preview:large, max-video-preview:-1\" \/>\n<link rel=\"canonical\" href=\"https:\/\/febiovzw.org\/actiris-en-zone-zero-chomeurs\/\" \/>\n<meta property=\"og:locale\" content=\"nl_NL\" \/>\n<meta property=\"og:type\" content=\"article\" \/>\n<meta property=\"og:title\" content=\"Actiris en Zone z\u00e9ro ch\u00f4meurs - Febio\" \/>\n<meta property=\"og:description\" content=\"Actiris en het project &#8216;Zone z\u00e9ro ch\u00f4meurs&#8217; Historiek In Face \u00e0 Face, had Fabrice Grosfilley het in 2019 over de zones \u201cz\u00e9ro ch\u00f4meurs longue dur\u00e9e\u201d in de Brusselse Regio, voorzien door de Brusselse regering in 2021. Gr\u00e9goire Chapelle, directeur-generaal van Actiris en Yves Martens, co\u00f6rdinator van het Collectif Solidarit\u00e9 Contre l\u2019Exclusion, debatteerden. Gregoire Chapelle verdedigde [&hellip;]\" \/>\n<meta property=\"og:url\" content=\"https:\/\/febiovzw.org\/actiris-en-zone-zero-chomeurs\/\" \/>\n<meta property=\"og:site_name\" content=\"Febio\" \/>\n<meta property=\"article:publisher\" content=\"https:\/\/www.facebook.com\/febiovzw\/\" \/>\n<meta property=\"article:published_time\" content=\"2020-10-12T05:16:00+00:00\" \/>\n<meta property=\"article:modified_time\" content=\"2021-06-21T07:54:31+00:00\" \/>\n<meta property=\"og:image\" content=\"https:\/\/febiovzw.org\/wp-content\/uploads\/2021\/05\/febiologo-1transparant.png\" \/>\n\t<meta property=\"og:image:width\" content=\"195\" \/>\n\t<meta property=\"og:image:height\" content=\"89\" \/>\n\t<meta property=\"og:image:type\" content=\"image\/png\" \/>\n<meta name=\"author\" content=\"nora\" \/>\n<meta name=\"twitter:card\" content=\"summary_large_image\" \/>\n<meta name=\"twitter:label1\" content=\"Geschreven door\" \/>\n\t<meta name=\"twitter:data1\" content=\"nora\" \/>\n\t<meta name=\"twitter:label2\" content=\"Geschatte leestijd\" \/>\n\t<meta name=\"twitter:data2\" content=\"10 minuten\" \/>\n<script type=\"application\/ld+json\" class=\"yoast-schema-graph\">{\"@context\":\"https:\\\/\\\/schema.org\",\"@graph\":[{\"@type\":\"Article\",\"@id\":\"https:\\\/\\\/febiovzw.org\\\/actiris-en-zone-zero-chomeurs\\\/#article\",\"isPartOf\":{\"@id\":\"https:\\\/\\\/febiovzw.org\\\/actiris-en-zone-zero-chomeurs\\\/\"},\"author\":{\"name\":\"nora\",\"@id\":\"https:\\\/\\\/febiovzw.org\\\/#\\\/schema\\\/person\\\/d3c4f7b53dcbf3edb920322a6a1afc58\"},\"headline\":\"Actiris en Zone z\u00e9ro ch\u00f4meurs\",\"datePublished\":\"2020-10-12T05:16:00+00:00\",\"dateModified\":\"2021-06-21T07:54:31+00:00\",\"mainEntityOfPage\":{\"@id\":\"https:\\\/\\\/febiovzw.org\\\/actiris-en-zone-zero-chomeurs\\\/\"},\"wordCount\":1916,\"commentCount\":0,\"publisher\":{\"@id\":\"https:\\\/\\\/febiovzw.org\\\/#organization\"},\"articleSection\":[\"Tewerkstellingsmaatregelen\",\"Varia\"],\"inLanguage\":\"nl-NL\",\"potentialAction\":[{\"@type\":\"CommentAction\",\"name\":\"Comment\",\"target\":[\"https:\\\/\\\/febiovzw.org\\\/actiris-en-zone-zero-chomeurs\\\/#respond\"]}]},{\"@type\":\"WebPage\",\"@id\":\"https:\\\/\\\/febiovzw.org\\\/actiris-en-zone-zero-chomeurs\\\/\",\"url\":\"https:\\\/\\\/febiovzw.org\\\/actiris-en-zone-zero-chomeurs\\\/\",\"name\":\"Actiris en Zone z\u00e9ro ch\u00f4meurs - Febio\",\"isPartOf\":{\"@id\":\"https:\\\/\\\/febiovzw.org\\\/#website\"},\"datePublished\":\"2020-10-12T05:16:00+00:00\",\"dateModified\":\"2021-06-21T07:54:31+00:00\",\"breadcrumb\":{\"@id\":\"https:\\\/\\\/febiovzw.org\\\/actiris-en-zone-zero-chomeurs\\\/#breadcrumb\"},\"inLanguage\":\"nl-NL\",\"potentialAction\":[{\"@type\":\"ReadAction\",\"target\":[\"https:\\\/\\\/febiovzw.org\\\/actiris-en-zone-zero-chomeurs\\\/\"]}]},{\"@type\":\"BreadcrumbList\",\"@id\":\"https:\\\/\\\/febiovzw.org\\\/actiris-en-zone-zero-chomeurs\\\/#breadcrumb\",\"itemListElement\":[{\"@type\":\"ListItem\",\"position\":1,\"name\":\"Home\",\"item\":\"https:\\\/\\\/febiovzw.org\\\/\"},{\"@type\":\"ListItem\",\"position\":2,\"name\":\"Actiris en Zone z\u00e9ro ch\u00f4meurs\"}]},{\"@type\":\"WebSite\",\"@id\":\"https:\\\/\\\/febiovzw.org\\\/#website\",\"url\":\"https:\\\/\\\/febiovzw.org\\\/\",\"name\":\"Febio vzw\",\"description\":\"Federatie van Brusselse Inschakelingsondernemingen\",\"publisher\":{\"@id\":\"https:\\\/\\\/febiovzw.org\\\/#organization\"},\"potentialAction\":[{\"@type\":\"SearchAction\",\"target\":{\"@type\":\"EntryPoint\",\"urlTemplate\":\"https:\\\/\\\/febiovzw.org\\\/?s={search_term_string}\"},\"query-input\":{\"@type\":\"PropertyValueSpecification\",\"valueRequired\":true,\"valueName\":\"search_term_string\"}}],\"inLanguage\":\"nl-NL\"},{\"@type\":\"Organization\",\"@id\":\"https:\\\/\\\/febiovzw.org\\\/#organization\",\"name\":\"Febio vzw\",\"url\":\"https:\\\/\\\/febiovzw.org\\\/\",\"logo\":{\"@type\":\"ImageObject\",\"inLanguage\":\"nl-NL\",\"@id\":\"https:\\\/\\\/febiovzw.org\\\/#\\\/schema\\\/logo\\\/image\\\/\",\"url\":\"https:\\\/\\\/febiovzw.org\\\/wp-content\\\/uploads\\\/2026\\\/04\\\/FebioLogo-klein.jpg\",\"contentUrl\":\"https:\\\/\\\/febiovzw.org\\\/wp-content\\\/uploads\\\/2026\\\/04\\\/FebioLogo-klein.jpg\",\"width\":120,\"height\":52,\"caption\":\"Febio vzw\"},\"image\":{\"@id\":\"https:\\\/\\\/febiovzw.org\\\/#\\\/schema\\\/logo\\\/image\\\/\"},\"sameAs\":[\"https:\\\/\\\/www.facebook.com\\\/febiovzw\\\/\",\"https:\\\/\\\/www.instagram.com\\\/febiovzw\\\/\"]},{\"@type\":\"Person\",\"@id\":\"https:\\\/\\\/febiovzw.org\\\/#\\\/schema\\\/person\\\/d3c4f7b53dcbf3edb920322a6a1afc58\",\"name\":\"nora\",\"image\":{\"@type\":\"ImageObject\",\"inLanguage\":\"nl-NL\",\"@id\":\"https:\\\/\\\/secure.gravatar.com\\\/avatar\\\/a140cc91990100919109bc2e79394b1a26348c0d999ed96a017503e7a2a9397b?s=96&d=mm&r=g\",\"url\":\"https:\\\/\\\/secure.gravatar.com\\\/avatar\\\/a140cc91990100919109bc2e79394b1a26348c0d999ed96a017503e7a2a9397b?s=96&d=mm&r=g\",\"contentUrl\":\"https:\\\/\\\/secure.gravatar.com\\\/avatar\\\/a140cc91990100919109bc2e79394b1a26348c0d999ed96a017503e7a2a9397b?s=96&d=mm&r=g\",\"caption\":\"nora\"},\"url\":\"https:\\\/\\\/febiovzw.org\\\/author\\\/nora\\\/\"}]}<\/script>\n<!-- \/ Yoast SEO plugin. -->","yoast_head_json":{"title":"Actiris en Zone z\u00e9ro ch\u00f4meurs - Febio","robots":{"index":"index","follow":"follow","max-snippet":"max-snippet:-1","max-image-preview":"max-image-preview:large","max-video-preview":"max-video-preview:-1"},"canonical":"https:\/\/febiovzw.org\/actiris-en-zone-zero-chomeurs\/","og_locale":"nl_NL","og_type":"article","og_title":"Actiris en Zone z\u00e9ro ch\u00f4meurs - Febio","og_description":"Actiris en het project &#8216;Zone z\u00e9ro ch\u00f4meurs&#8217; Historiek In Face \u00e0 Face, had Fabrice Grosfilley het in 2019 over de zones \u201cz\u00e9ro ch\u00f4meurs longue dur\u00e9e\u201d in de Brusselse Regio, voorzien door de Brusselse regering in 2021. Gr\u00e9goire Chapelle, directeur-generaal van Actiris en Yves Martens, co\u00f6rdinator van het Collectif Solidarit\u00e9 Contre l\u2019Exclusion, debatteerden. Gregoire Chapelle verdedigde [&hellip;]","og_url":"https:\/\/febiovzw.org\/actiris-en-zone-zero-chomeurs\/","og_site_name":"Febio","article_publisher":"https:\/\/www.facebook.com\/febiovzw\/","article_published_time":"2020-10-12T05:16:00+00:00","article_modified_time":"2021-06-21T07:54:31+00:00","og_image":[{"width":195,"height":89,"url":"https:\/\/febiovzw.org\/wp-content\/uploads\/2021\/05\/febiologo-1transparant.png","type":"image\/png"}],"author":"nora","twitter_card":"summary_large_image","twitter_misc":{"Geschreven door":"nora","Geschatte leestijd":"10 minuten"},"schema":{"@context":"https:\/\/schema.org","@graph":[{"@type":"Article","@id":"https:\/\/febiovzw.org\/actiris-en-zone-zero-chomeurs\/#article","isPartOf":{"@id":"https:\/\/febiovzw.org\/actiris-en-zone-zero-chomeurs\/"},"author":{"name":"nora","@id":"https:\/\/febiovzw.org\/#\/schema\/person\/d3c4f7b53dcbf3edb920322a6a1afc58"},"headline":"Actiris en Zone z\u00e9ro ch\u00f4meurs","datePublished":"2020-10-12T05:16:00+00:00","dateModified":"2021-06-21T07:54:31+00:00","mainEntityOfPage":{"@id":"https:\/\/febiovzw.org\/actiris-en-zone-zero-chomeurs\/"},"wordCount":1916,"commentCount":0,"publisher":{"@id":"https:\/\/febiovzw.org\/#organization"},"articleSection":["Tewerkstellingsmaatregelen","Varia"],"inLanguage":"nl-NL","potentialAction":[{"@type":"CommentAction","name":"Comment","target":["https:\/\/febiovzw.org\/actiris-en-zone-zero-chomeurs\/#respond"]}]},{"@type":"WebPage","@id":"https:\/\/febiovzw.org\/actiris-en-zone-zero-chomeurs\/","url":"https:\/\/febiovzw.org\/actiris-en-zone-zero-chomeurs\/","name":"Actiris en Zone z\u00e9ro ch\u00f4meurs - Febio","isPartOf":{"@id":"https:\/\/febiovzw.org\/#website"},"datePublished":"2020-10-12T05:16:00+00:00","dateModified":"2021-06-21T07:54:31+00:00","breadcrumb":{"@id":"https:\/\/febiovzw.org\/actiris-en-zone-zero-chomeurs\/#breadcrumb"},"inLanguage":"nl-NL","potentialAction":[{"@type":"ReadAction","target":["https:\/\/febiovzw.org\/actiris-en-zone-zero-chomeurs\/"]}]},{"@type":"BreadcrumbList","@id":"https:\/\/febiovzw.org\/actiris-en-zone-zero-chomeurs\/#breadcrumb","itemListElement":[{"@type":"ListItem","position":1,"name":"Home","item":"https:\/\/febiovzw.org\/"},{"@type":"ListItem","position":2,"name":"Actiris en Zone z\u00e9ro ch\u00f4meurs"}]},{"@type":"WebSite","@id":"https:\/\/febiovzw.org\/#website","url":"https:\/\/febiovzw.org\/","name":"Febio vzw","description":"Federatie van Brusselse Inschakelingsondernemingen","publisher":{"@id":"https:\/\/febiovzw.org\/#organization"},"potentialAction":[{"@type":"SearchAction","target":{"@type":"EntryPoint","urlTemplate":"https:\/\/febiovzw.org\/?s={search_term_string}"},"query-input":{"@type":"PropertyValueSpecification","valueRequired":true,"valueName":"search_term_string"}}],"inLanguage":"nl-NL"},{"@type":"Organization","@id":"https:\/\/febiovzw.org\/#organization","name":"Febio vzw","url":"https:\/\/febiovzw.org\/","logo":{"@type":"ImageObject","inLanguage":"nl-NL","@id":"https:\/\/febiovzw.org\/#\/schema\/logo\/image\/","url":"https:\/\/febiovzw.org\/wp-content\/uploads\/2026\/04\/FebioLogo-klein.jpg","contentUrl":"https:\/\/febiovzw.org\/wp-content\/uploads\/2026\/04\/FebioLogo-klein.jpg","width":120,"height":52,"caption":"Febio vzw"},"image":{"@id":"https:\/\/febiovzw.org\/#\/schema\/logo\/image\/"},"sameAs":["https:\/\/www.facebook.com\/febiovzw\/","https:\/\/www.instagram.com\/febiovzw\/"]},{"@type":"Person","@id":"https:\/\/febiovzw.org\/#\/schema\/person\/d3c4f7b53dcbf3edb920322a6a1afc58","name":"nora","image":{"@type":"ImageObject","inLanguage":"nl-NL","@id":"https:\/\/secure.gravatar.com\/avatar\/a140cc91990100919109bc2e79394b1a26348c0d999ed96a017503e7a2a9397b?s=96&d=mm&r=g","url":"https:\/\/secure.gravatar.com\/avatar\/a140cc91990100919109bc2e79394b1a26348c0d999ed96a017503e7a2a9397b?s=96&d=mm&r=g","contentUrl":"https:\/\/secure.gravatar.com\/avatar\/a140cc91990100919109bc2e79394b1a26348c0d999ed96a017503e7a2a9397b?s=96&d=mm&r=g","caption":"nora"},"url":"https:\/\/febiovzw.org\/author\/nora\/"}]}},"_links":{"self":[{"href":"https:\/\/febiovzw.org\/wp-json\/wp\/v2\/posts\/2932","targetHints":{"allow":["GET"]}}],"collection":[{"href":"https:\/\/febiovzw.org\/wp-json\/wp\/v2\/posts"}],"about":[{"href":"https:\/\/febiovzw.org\/wp-json\/wp\/v2\/types\/post"}],"author":[{"embeddable":true,"href":"https:\/\/febiovzw.org\/wp-json\/wp\/v2\/users\/5"}],"replies":[{"embeddable":true,"href":"https:\/\/febiovzw.org\/wp-json\/wp\/v2\/comments?post=2932"}],"version-history":[{"count":5,"href":"https:\/\/febiovzw.org\/wp-json\/wp\/v2\/posts\/2932\/revisions"}],"predecessor-version":[{"id":5308,"href":"https:\/\/febiovzw.org\/wp-json\/wp\/v2\/posts\/2932\/revisions\/5308"}],"wp:attachment":[{"href":"https:\/\/febiovzw.org\/wp-json\/wp\/v2\/media?parent=2932"}],"wp:term":[{"taxonomy":"category","embeddable":true,"href":"https:\/\/febiovzw.org\/wp-json\/wp\/v2\/categories?post=2932"},{"taxonomy":"post_tag","embeddable":true,"href":"https:\/\/febiovzw.org\/wp-json\/wp\/v2\/tags?post=2932"}],"curies":[{"name":"wp","href":"https:\/\/api.w.org\/{rel}","templated":true}]}}